{"id":1120,"date":"2023-03-08T17:19:00","date_gmt":"2023-03-08T16:19:00","guid":{"rendered":"https:\/\/www24.1bc-muenchen.de\/?p=1120"},"modified":"2024-11-18T17:19:28","modified_gmt":"2024-11-18T16:19:28","slug":"claus-und-tom-bei-den-bayerischen-alterklassen-meisterschaften-in-nuernberg","status":"publish","type":"post","link":"https:\/\/1bc-muenchen.de\/en\/claus-und-tom-bei-den-bayerischen-alterklassen-meisterschaften-in-nuernberg\/","title":{"rendered":"Claus und Tom bei den bayerischen Alterklassen-Meisterschaften in N\u00fcrnberg"},"content":{"rendered":"\n<figure class=\"wp-block-image size-large\"><img loading=\"lazy\" decoding=\"async\" width=\"766\" height=\"1024\" src=\"https:\/\/1bc-muenchen.de\/wp-content\/uploads\/2024\/10\/IMG_20230218_155252-scaled-1-766x1024.jpg\" alt=\"\" class=\"wp-image-1121\" srcset=\"https:\/\/1bc-muenchen.de\/wp-content\/uploads\/2024\/10\/IMG_20230218_155252-scaled-1-766x1024.jpg 766w, https:\/\/1bc-muenchen.de\/wp-content\/uploads\/2024\/10\/IMG_20230218_155252-scaled-1-225x300.jpg 225w, https:\/\/1bc-muenchen.de\/wp-content\/uploads\/2024\/10\/IMG_20230218_155252-scaled-1-768x1026.jpg 768w, https:\/\/1bc-muenchen.de\/wp-content\/uploads\/2024\/10\/IMG_20230218_155252-scaled-1-1150x1536.jpg 1150w, https:\/\/1bc-muenchen.de\/wp-content\/uploads\/2024\/10\/IMG_20230218_155252-scaled-1-1533x2048.jpg 1533w, https:\/\/1bc-muenchen.de\/wp-content\/uploads\/2024\/10\/IMG_20230218_155252-scaled-1.jpg 1916w\" sizes=\"auto, (max-width: 766px) 100vw, 766px\" \/><\/figure>\n\n\n\n<p>In der Altersklasse O65 hatten wir im Herrendoppel gemeldet und fuhren motiviert nach N\u00fcrnberg. Gespielt wurde in einer Halle mit 15 Feldern, ca. 120 Teilnehmer spielten in etwa 35 Disziplinen (O35 &#8211; O75, DE,HE,DD,HD,MD) um die bayerische Meisterschaft.<\/p>\n\n\n\n<p>Allein der olympische Gedanke war uns wichtig, dabei sein ist alles. Mit dieser Einstellung gingen wir auch auf das Spielfeld zu unserem ersten Spiel. Unsere Gegner hatten vorher schon im HE gemeldet und waren mit der Halle vertraut, wir hingegen mussten uns erst an die wahnsinnig helle LED-Beleuchtung und den Hallenboden mit seinen unz\u00e4hligen, vielfarbigen Linien gew\u00f6hnen. Viele leichte Fehler f\u00fchrten dann auch zum deutlichen Verlust des ersten Satzes. Auch zu Beginn des zweiten Satzes konnten wir die leichten Fehler nicht abstellen, gerieten schnell in R\u00fcckstand. Erst Mitte des Satzes wurden wir sicherer und holten Punkt um Punkt auf.<\/p>\n\n\n\n<p>Leider reichte es am Ende dann doch nicht, wir verloren 19:21. Aber die Steigerung war Ansporn gen\u00fcgte, in die zweite Partie gingen wir mit sehr viel gr\u00f6\u00dferem Selbstvertrauen. Das war auch gut so; denn es waren starke Gegner. Dennoch wurden wir immer sicherer und gewannen den ersten Satz knapp. Den zweiten Satz mussten wir leider ebenso knapp dem Gegner \u00fcberlassen, aber im dritten und entscheidenden Satz lie\u00dfen wir keine Schw\u00e4chen mehr zu und konnten diesen sicher f\u00fcr uns entscheiden.<\/p>\n\n\n\n<p>Ein Sieg und eine Niederlage, gar keine schlechte Ausbeute! Unsere beiden Gegner spielten nun den Gruppensieg aus, rein rechnerisch hatten wir nur geringe Chancen in die Finalrunde zu kommen, weil wir bei unserem Dreisatz-Sieg ja einen Satz abgegeben hatten. So war es auch letztendlich, alle drei Paarungen waren Punktgleich, die S\u00e4tze mussten entscheiden und hier hatten wir leider das schlechtere Satzverh\u00e4ltnis.<\/p>\n\n\n\n<p>Aber, es war ein tolles Turnier, wir waren gar nicht so chancenlos wie wir vorher gedacht hatten und werden im n\u00e4chsten Jahr sicher nochmal unser Gl\u00fcck versuchen!<\/p>\n","protected":false},"excerpt":{"rendered":"<p>In der Altersklasse O65 hatten wir im Herrendoppel gemeldet und fuhren motiviert nach N\u00fcrnberg. Gespielt wurde in einer Halle mit [&hellip;]<\/p>\n","protected":false},"author":3,"featured_media":0,"comment_status":"closed","ping_status":"closed","sticky":false,"template":"","format":"standard","meta":{"site-sidebar-layout":"default","site-content-layout":"","ast-site-content-layout":"default","site-content-style":"default","site-sidebar-style":"default","ast-global-header-display":"","ast-banner-title-visibility":"","ast-main-header-display":"","ast-hfb-above-header-display":"","ast-hfb-below-header-display":"","ast-hfb-mobile-header-display":"","site-post-title":"","ast-breadcrumbs-content":"","ast-featured-img":"","footer-sml-layout":"","ast-disable-related-posts":"","theme-transparent-header-meta":"","adv-header-id-meta":"","stick-header-meta":"","header-above-stick-meta":"","header-main-stick-meta":"","header-below-stick-meta":"","astra-migrate-meta-layouts":"default","ast-page-background-enabled":"default","ast-page-background-meta":{"desktop":{"background-color":"var(--ast-global-color-4)","background-image":"","background-repeat":"repeat","background-position":"center center","background-size":"auto","background-attachment":"scroll","background-type":"","background-media":"","overlay-type":"","overlay-color":"","overlay-opacity":"","overlay-gradient":""},"tablet":{"background-color":"","background-image":"","background-repeat":"repeat","background-position":"center center","background-size":"auto","background-attachment":"scroll","background-type":"","background-media":"","overlay-type":"","overlay-color":"","overlay-opacity":"","overlay-gradient":""},"mobile":{"background-color":"","background-image":"","background-repeat":"repeat","background-position":"center center","background-size":"auto","background-attachment":"scroll","background-type":"","background-media":"","overlay-type":"","overlay-color":"","overlay-opacity":"","overlay-gradient":""}},"ast-content-background-meta":{"desktop":{"background-color":"var(--ast-global-color-5)","background-image":"","background-repeat":"repeat","background-position":"center center","background-size":"auto","background-attachment":"scroll","background-type":"","background-media":"","overlay-type":"","overlay-color":"","overlay-opacity":"","overlay-gradient":""},"tablet":{"background-color":"var(--ast-global-color-5)","background-image":"","background-repeat":"repeat","background-position":"center center","background-size":"auto","background-attachment":"scroll","background-type":"","background-media":"","overlay-type":"","overlay-color":"","overlay-opacity":"","overlay-gradient":""},"mobile":{"background-color":"var(--ast-global-color-5)","background-image":"","background-repeat":"repeat","background-position":"center center","background-size":"auto","background-attachment":"scroll","background-type":"","background-media":"","overlay-type":"","overlay-color":"","overlay-opacity":"","overlay-gradient":""}},"footnotes":""},"categories":[1],"tags":[],"class_list":["post-1120","post","type-post","status-publish","format-standard","hentry","category-allgemein"],"translation":{"provider":"WPGlobus","version":"3.0.2","language":"en","enabled_languages":["de","en"],"languages":{"de":{"title":true,"content":true,"excerpt":false},"en":{"title":false,"content":false,"excerpt":false}}},"yoast_head":"<!-- This site is optimized with the Yoast SEO plugin v27.0 - https:\/\/yoast.com\/product\/yoast-seo-wordpress\/ -->\n<title>Claus und Tom bei den bayerischen Alterklassen-Meisterschaften in N\u00fcrnberg - 1. BC M\u00fcnchen 1954 e.V.<\/title>\n<meta name=\"robots\" content=\"index, follow, max-snippet:-1, max-image-preview:large, max-video-preview:-1\" \/>\n<link rel=\"canonical\" href=\"https:\/\/1bc-muenchen.de\/claus-und-tom-bei-den-bayerischen-alterklassen-meisterschaften-in-nuernberg\/\" \/>\n<meta property=\"og:locale\" content=\"en_US\" \/>\n<meta property=\"og:type\" content=\"article\" \/>\n<meta property=\"og:title\" content=\"Claus und Tom bei den bayerischen Alterklassen-Meisterschaften in N\u00fcrnberg - 1. BC M\u00fcnchen 1954 e.V.\" \/>\n<meta property=\"og:url\" content=\"https:\/\/1bc-muenchen.de\/claus-und-tom-bei-den-bayerischen-alterklassen-meisterschaften-in-nuernberg\/\" \/>\n<meta property=\"og:site_name\" content=\"1. BC M\u00fcnchen 1954 e.V.\" \/>\n<meta property=\"article:publisher\" content=\"https:\/\/www.facebook.com\/1BCMuenchen1954eV\" \/>\n<meta property=\"article:published_time\" content=\"2023-03-08T16:19:00+00:00\" \/>\n<meta property=\"article:modified_time\" content=\"2024-11-18T16:19:28+00:00\" \/>\n<meta property=\"og:image\" content=\"https:\/\/1bc-muenchen.de\/wp-content\/uploads\/2024\/10\/IMG_20230218_155252-scaled-1-766x1024.jpg\" \/>\n<meta name=\"author\" content=\"Atul Rasi\" \/>\n<meta name=\"twitter:card\" content=\"summary_large_image\" \/>\n<meta name=\"twitter:label1\" content=\"Written by\" \/>\n\t<meta name=\"twitter:data1\" content=\"Atul Rasi\" \/>\n\t<meta name=\"twitter:label2\" content=\"Est. reading time\" \/>\n\t<meta name=\"twitter:data2\" content=\"2 minutes\" \/>\n<script type=\"application\/ld+json\" class=\"yoast-schema-graph\">{\"@context\":\"https:\/\/schema.org\",\"@graph\":[{\"@type\":\"Article\",\"@id\":\"https:\/\/1bc-muenchen.de\/claus-und-tom-bei-den-bayerischen-alterklassen-meisterschaften-in-nuernberg\/#article\",\"isPartOf\":{\"@id\":\"https:\/\/1bc-muenchen.de\/claus-und-tom-bei-den-bayerischen-alterklassen-meisterschaften-in-nuernberg\/\"},\"author\":{\"name\":\"Atul Rasi\",\"@id\":\"https:\/\/1bc-muenchen.de\/#\/schema\/person\/02d906ffeea864419fc2b5326dbe8b0b\"},\"headline\":\"Claus und Tom bei den bayerischen Alterklassen-Meisterschaften in N\u00fcrnberg\",\"datePublished\":\"2023-03-08T16:19:00+00:00\",\"dateModified\":\"2024-11-18T16:19:28+00:00\",\"mainEntityOfPage\":{\"@id\":\"https:\/\/1bc-muenchen.de\/claus-und-tom-bei-den-bayerischen-alterklassen-meisterschaften-in-nuernberg\/\"},\"wordCount\":328,\"publisher\":{\"@id\":\"https:\/\/1bc-muenchen.de\/#organization\"},\"image\":{\"@id\":\"https:\/\/1bc-muenchen.de\/claus-und-tom-bei-den-bayerischen-alterklassen-meisterschaften-in-nuernberg\/#primaryimage\"},\"thumbnailUrl\":\"https:\/\/1bc-muenchen.de\/wp-content\/uploads\/2024\/10\/IMG_20230218_155252-scaled-1-766x1024.jpg\",\"articleSection\":[\"Allgemein\"],\"inLanguage\":\"en-US\"},{\"@type\":\"WebPage\",\"@id\":\"https:\/\/1bc-muenchen.de\/claus-und-tom-bei-den-bayerischen-alterklassen-meisterschaften-in-nuernberg\/\",\"url\":\"https:\/\/1bc-muenchen.de\/claus-und-tom-bei-den-bayerischen-alterklassen-meisterschaften-in-nuernberg\/\",\"name\":\"Claus und Tom bei den bayerischen Alterklassen-Meisterschaften in N\u00fcrnberg - 1. BC M\u00fcnchen 1954 e.V.\",\"isPartOf\":{\"@id\":\"https:\/\/1bc-muenchen.de\/#website\"},\"primaryImageOfPage\":{\"@id\":\"https:\/\/1bc-muenchen.de\/claus-und-tom-bei-den-bayerischen-alterklassen-meisterschaften-in-nuernberg\/#primaryimage\"},\"image\":{\"@id\":\"https:\/\/1bc-muenchen.de\/claus-und-tom-bei-den-bayerischen-alterklassen-meisterschaften-in-nuernberg\/#primaryimage\"},\"thumbnailUrl\":\"https:\/\/1bc-muenchen.de\/wp-content\/uploads\/2024\/10\/IMG_20230218_155252-scaled-1-766x1024.jpg\",\"datePublished\":\"2023-03-08T16:19:00+00:00\",\"dateModified\":\"2024-11-18T16:19:28+00:00\",\"breadcrumb\":{\"@id\":\"https:\/\/1bc-muenchen.de\/claus-und-tom-bei-den-bayerischen-alterklassen-meisterschaften-in-nuernberg\/#breadcrumb\"},\"inLanguage\":\"en-US\",\"potentialAction\":[{\"@type\":\"ReadAction\",\"target\":[\"https:\/\/1bc-muenchen.de\/claus-und-tom-bei-den-bayerischen-alterklassen-meisterschaften-in-nuernberg\/\"]}]},{\"@type\":\"ImageObject\",\"inLanguage\":\"en-US\",\"@id\":\"https:\/\/1bc-muenchen.de\/claus-und-tom-bei-den-bayerischen-alterklassen-meisterschaften-in-nuernberg\/#primaryimage\",\"url\":\"https:\/\/1bc-muenchen.de\/wp-content\/uploads\/2024\/10\/IMG_20230218_155252-scaled-1-766x1024.jpg\",\"contentUrl\":\"https:\/\/1bc-muenchen.de\/wp-content\/uploads\/2024\/10\/IMG_20230218_155252-scaled-1-766x1024.jpg\"},{\"@type\":\"BreadcrumbList\",\"@id\":\"https:\/\/1bc-muenchen.de\/claus-und-tom-bei-den-bayerischen-alterklassen-meisterschaften-in-nuernberg\/#breadcrumb\",\"itemListElement\":[{\"@type\":\"ListItem\",\"position\":1,\"name\":\"Startseite\",\"item\":\"https:\/\/1bc-muenchen.de\/\"},{\"@type\":\"ListItem\",\"position\":2,\"name\":\"Claus und Tom bei den bayerischen Alterklassen-Meisterschaften in N\u00fcrnberg\"}]},{\"@type\":\"WebSite\",\"@id\":\"https:\/\/1bc-muenchen.de\/#website\",\"url\":\"https:\/\/1bc-muenchen.de\/\",\"name\":\"{:de}1. BC M\u00fcnchen 1954 e.V.{:}{:en}1. BC M\u00fcnchen 1954 e.V.{:}\",\"description\":\"Your badminton club in Munich!\",\"publisher\":{\"@id\":\"https:\/\/1bc-muenchen.de\/#organization\"},\"potentialAction\":[{\"@type\":\"SearchAction\",\"target\":{\"@type\":\"EntryPoint\",\"urlTemplate\":\"https:\/\/1bc-muenchen.de\/?s={search_term_string}\"},\"query-input\":{\"@type\":\"PropertyValueSpecification\",\"valueRequired\":true,\"valueName\":\"search_term_string\"}}],\"inLanguage\":\"en-US\"},{\"@type\":\"Organization\",\"@id\":\"https:\/\/1bc-muenchen.de\/#organization\",\"name\":\"{:de}1. BC M\u00fcnchen 1954 e.V.{:}{:en}1. BC M\u00fcnchen 1954 e.V.{:}\",\"url\":\"https:\/\/1bc-muenchen.de\/\",\"logo\":{\"@type\":\"ImageObject\",\"inLanguage\":\"en-US\",\"@id\":\"https:\/\/1bc-muenchen.de\/#\/schema\/logo\/image\/\",\"url\":\"https:\/\/1bc-muenchen.de\/wp-content\/uploads\/2024\/01\/1BCMunchen1954eV-1.png\",\"contentUrl\":\"https:\/\/1bc-muenchen.de\/wp-content\/uploads\/2024\/01\/1BCMunchen1954eV-1.png\",\"width\":1000,\"height\":1138,\"caption\":\"{:de}1. BC M\u00fcnchen 1954 e.V.{:}{:en}1. BC M\u00fcnchen 1954 e.V.{:}\"},\"image\":{\"@id\":\"https:\/\/1bc-muenchen.de\/#\/schema\/logo\/image\/\"},\"sameAs\":[\"https:\/\/www.facebook.com\/1BCMuenchen1954eV\"]},{\"@type\":\"Person\",\"@id\":\"https:\/\/1bc-muenchen.de\/#\/schema\/person\/02d906ffeea864419fc2b5326dbe8b0b\",\"name\":\"Atul Rasi\",\"image\":{\"@type\":\"ImageObject\",\"inLanguage\":\"en-US\",\"@id\":\"https:\/\/1bc-muenchen.de\/#\/schema\/person\/image\/\",\"url\":\"https:\/\/secure.gravatar.com\/avatar\/f74c519925b21dfddb9b3105f80a341665f1f32150e7d2642917c0cbd6ced8f8?s=96&d=mm&r=g\",\"contentUrl\":\"https:\/\/secure.gravatar.com\/avatar\/f74c519925b21dfddb9b3105f80a341665f1f32150e7d2642917c0cbd6ced8f8?s=96&d=mm&r=g\",\"caption\":\"Atul Rasi\"},\"url\":\"https:\/\/1bc-muenchen.de\/en\/author\/atul\/\"}]}<\/script>\n<!-- \/ Yoast SEO plugin. -->","yoast_head_json":{"title":"Claus und Tom bei den bayerischen Alterklassen-Meisterschaften in N\u00fcrnberg - 1. BC M\u00fcnchen 1954 e.V.","robots":{"index":"index","follow":"follow","max-snippet":"max-snippet:-1","max-image-preview":"max-image-preview:large","max-video-preview":"max-video-preview:-1"},"canonical":"https:\/\/1bc-muenchen.de\/claus-und-tom-bei-den-bayerischen-alterklassen-meisterschaften-in-nuernberg\/","og_locale":"en_US","og_type":"article","og_title":"Claus und Tom bei den bayerischen Alterklassen-Meisterschaften in N\u00fcrnberg - 1. BC M\u00fcnchen 1954 e.V.","og_url":"https:\/\/1bc-muenchen.de\/claus-und-tom-bei-den-bayerischen-alterklassen-meisterschaften-in-nuernberg\/","og_site_name":"1. BC M\u00fcnchen 1954 e.V.","article_publisher":"https:\/\/www.facebook.com\/1BCMuenchen1954eV","article_published_time":"2023-03-08T16:19:00+00:00","article_modified_time":"2024-11-18T16:19:28+00:00","og_image":[{"url":"https:\/\/1bc-muenchen.de\/wp-content\/uploads\/2024\/10\/IMG_20230218_155252-scaled-1-766x1024.jpg","type":"","width":"","height":""}],"author":"Atul Rasi","twitter_card":"summary_large_image","twitter_misc":{"Written by":"Atul Rasi","Est. reading time":"2 minutes"},"schema":{"@context":"https:\/\/schema.org","@graph":[{"@type":"Article","@id":"https:\/\/1bc-muenchen.de\/claus-und-tom-bei-den-bayerischen-alterklassen-meisterschaften-in-nuernberg\/#article","isPartOf":{"@id":"https:\/\/1bc-muenchen.de\/claus-und-tom-bei-den-bayerischen-alterklassen-meisterschaften-in-nuernberg\/"},"author":{"name":"Atul Rasi","@id":"https:\/\/1bc-muenchen.de\/#\/schema\/person\/02d906ffeea864419fc2b5326dbe8b0b"},"headline":"Claus und Tom bei den bayerischen Alterklassen-Meisterschaften in N\u00fcrnberg","datePublished":"2023-03-08T16:19:00+00:00","dateModified":"2024-11-18T16:19:28+00:00","mainEntityOfPage":{"@id":"https:\/\/1bc-muenchen.de\/claus-und-tom-bei-den-bayerischen-alterklassen-meisterschaften-in-nuernberg\/"},"wordCount":328,"publisher":{"@id":"https:\/\/1bc-muenchen.de\/#organization"},"image":{"@id":"https:\/\/1bc-muenchen.de\/claus-und-tom-bei-den-bayerischen-alterklassen-meisterschaften-in-nuernberg\/#primaryimage"},"thumbnailUrl":"https:\/\/1bc-muenchen.de\/wp-content\/uploads\/2024\/10\/IMG_20230218_155252-scaled-1-766x1024.jpg","articleSection":["Allgemein"],"inLanguage":"en-US"},{"@type":"WebPage","@id":"https:\/\/1bc-muenchen.de\/claus-und-tom-bei-den-bayerischen-alterklassen-meisterschaften-in-nuernberg\/","url":"https:\/\/1bc-muenchen.de\/claus-und-tom-bei-den-bayerischen-alterklassen-meisterschaften-in-nuernberg\/","name":"Claus und Tom bei den bayerischen Alterklassen-Meisterschaften in N\u00fcrnberg - 1. BC M\u00fcnchen 1954 e.V.","isPartOf":{"@id":"https:\/\/1bc-muenchen.de\/#website"},"primaryImageOfPage":{"@id":"https:\/\/1bc-muenchen.de\/claus-und-tom-bei-den-bayerischen-alterklassen-meisterschaften-in-nuernberg\/#primaryimage"},"image":{"@id":"https:\/\/1bc-muenchen.de\/claus-und-tom-bei-den-bayerischen-alterklassen-meisterschaften-in-nuernberg\/#primaryimage"},"thumbnailUrl":"https:\/\/1bc-muenchen.de\/wp-content\/uploads\/2024\/10\/IMG_20230218_155252-scaled-1-766x1024.jpg","datePublished":"2023-03-08T16:19:00+00:00","dateModified":"2024-11-18T16:19:28+00:00","breadcrumb":{"@id":"https:\/\/1bc-muenchen.de\/claus-und-tom-bei-den-bayerischen-alterklassen-meisterschaften-in-nuernberg\/#breadcrumb"},"inLanguage":"en-US","potentialAction":[{"@type":"ReadAction","target":["https:\/\/1bc-muenchen.de\/claus-und-tom-bei-den-bayerischen-alterklassen-meisterschaften-in-nuernberg\/"]}]},{"@type":"ImageObject","inLanguage":"en-US","@id":"https:\/\/1bc-muenchen.de\/claus-und-tom-bei-den-bayerischen-alterklassen-meisterschaften-in-nuernberg\/#primaryimage","url":"https:\/\/1bc-muenchen.de\/wp-content\/uploads\/2024\/10\/IMG_20230218_155252-scaled-1-766x1024.jpg","contentUrl":"https:\/\/1bc-muenchen.de\/wp-content\/uploads\/2024\/10\/IMG_20230218_155252-scaled-1-766x1024.jpg"},{"@type":"BreadcrumbList","@id":"https:\/\/1bc-muenchen.de\/claus-und-tom-bei-den-bayerischen-alterklassen-meisterschaften-in-nuernberg\/#breadcrumb","itemListElement":[{"@type":"ListItem","position":1,"name":"Startseite","item":"https:\/\/1bc-muenchen.de\/"},{"@type":"ListItem","position":2,"name":"Claus und Tom bei den bayerischen Alterklassen-Meisterschaften in N\u00fcrnberg"}]},{"@type":"WebSite","@id":"https:\/\/1bc-muenchen.de\/#website","url":"https:\/\/1bc-muenchen.de\/","name":"{:de}1. BC M\u00fcnchen 1954 e.V.{:}{:en}1. BC M\u00fcnchen 1954 e.V.{:}","description":"Your badminton club in Munich!","publisher":{"@id":"https:\/\/1bc-muenchen.de\/#organization"},"potentialAction":[{"@type":"SearchAction","target":{"@type":"EntryPoint","urlTemplate":"https:\/\/1bc-muenchen.de\/?s={search_term_string}"},"query-input":{"@type":"PropertyValueSpecification","valueRequired":true,"valueName":"search_term_string"}}],"inLanguage":"en-US"},{"@type":"Organization","@id":"https:\/\/1bc-muenchen.de\/#organization","name":"{:de}1. BC M\u00fcnchen 1954 e.V.{:}{:en}1. BC M\u00fcnchen 1954 e.V.{:}","url":"https:\/\/1bc-muenchen.de\/","logo":{"@type":"ImageObject","inLanguage":"en-US","@id":"https:\/\/1bc-muenchen.de\/#\/schema\/logo\/image\/","url":"https:\/\/1bc-muenchen.de\/wp-content\/uploads\/2024\/01\/1BCMunchen1954eV-1.png","contentUrl":"https:\/\/1bc-muenchen.de\/wp-content\/uploads\/2024\/01\/1BCMunchen1954eV-1.png","width":1000,"height":1138,"caption":"{:de}1. BC M\u00fcnchen 1954 e.V.{:}{:en}1. BC M\u00fcnchen 1954 e.V.{:}"},"image":{"@id":"https:\/\/1bc-muenchen.de\/#\/schema\/logo\/image\/"},"sameAs":["https:\/\/www.facebook.com\/1BCMuenchen1954eV"]},{"@type":"Person","@id":"https:\/\/1bc-muenchen.de\/#\/schema\/person\/02d906ffeea864419fc2b5326dbe8b0b","name":"Atul Rasi","image":{"@type":"ImageObject","inLanguage":"en-US","@id":"https:\/\/1bc-muenchen.de\/#\/schema\/person\/image\/","url":"https:\/\/secure.gravatar.com\/avatar\/f74c519925b21dfddb9b3105f80a341665f1f32150e7d2642917c0cbd6ced8f8?s=96&d=mm&r=g","contentUrl":"https:\/\/secure.gravatar.com\/avatar\/f74c519925b21dfddb9b3105f80a341665f1f32150e7d2642917c0cbd6ced8f8?s=96&d=mm&r=g","caption":"Atul Rasi"},"url":"https:\/\/1bc-muenchen.de\/en\/author\/atul\/"}]}},"_links":{"self":[{"href":"https:\/\/1bc-muenchen.de\/en\/wp-json\/wp\/v2\/posts\/1120","targetHints":{"allow":["GET"]}}],"collection":[{"href":"https:\/\/1bc-muenchen.de\/en\/wp-json\/wp\/v2\/posts"}],"about":[{"href":"https:\/\/1bc-muenchen.de\/en\/wp-json\/wp\/v2\/types\/post"}],"author":[{"embeddable":true,"href":"https:\/\/1bc-muenchen.de\/en\/wp-json\/wp\/v2\/users\/3"}],"replies":[{"embeddable":true,"href":"https:\/\/1bc-muenchen.de\/en\/wp-json\/wp\/v2\/comments?post=1120"}],"version-history":[{"count":0,"href":"https:\/\/1bc-muenchen.de\/en\/wp-json\/wp\/v2\/posts\/1120\/revisions"}],"wp:attachment":[{"href":"https:\/\/1bc-muenchen.de\/en\/wp-json\/wp\/v2\/media?parent=1120"}],"wp:term":[{"taxonomy":"category","embeddable":true,"href":"https:\/\/1bc-muenchen.de\/en\/wp-json\/wp\/v2\/categories?post=1120"},{"taxonomy":"post_tag","embeddable":true,"href":"https:\/\/1bc-muenchen.de\/en\/wp-json\/wp\/v2\/tags?post=1120"}],"curies":[{"name":"wp","href":"https:\/\/api.w.org\/{rel}","templated":true}]}}